{"id":37,"date":"2019-09-30T09:20:04","date_gmt":"2019-09-30T07:20:04","guid":{"rendered":"http:\/\/www.arredocasa-tende.it\/blog\/?p=37"},"modified":"2020-03-30T12:19:06","modified_gmt":"2020-03-30T10:19:06","slug":"arredare-con-le-tende-si-puo","status":"publish","type":"post","link":"https:\/\/www.arredocasa-tende.it\/magazine\/arredare-con-le-tende-si-puo\/","title":{"rendered":"Arredare con le tende si pu\u00f2!"},"content":{"rendered":"\r\n<p>Siamo soliti pensare alle tende come ad un <em>elemento da appendere alle finestre<\/em>, un elemento che completa l\u2019arredamento, valorizzandolo e aggiungendo un tocco di colore ed eleganza in pi\u00f9. In realt\u00e0, se usate con un pizzico di furbizia possono essere una soluzione per arredare una stanza in modo originale e sicuramente pi\u00f9 economico rispetto all\u2019acquisto di un mobile. \u00a0<\/p>\r\n\r\n\r\n\r\n<figure class=\"wp-block-image\"><img loading=\"lazy\" decoding=\"async\" width=\"1024\" height=\"683\" class=\"wp-image-49\" src=\"http:\/\/www.arredocasa-tende.it\/blog\/wp-content\/uploads\/2019\/07\/open-space-ok-1-1024x683.jpg\" alt=\"Con una tenda a tutta altezza si pu\u00f2 creare una nuova stanza\" srcset=\"https:\/\/www.arredocasa-tende.it\/magazine\/wp-content\/uploads\/2019\/07\/open-space-ok-1.jpg 1024w, https:\/\/www.arredocasa-tende.it\/magazine\/wp-content\/uploads\/2019\/07\/open-space-ok-1-300x200.jpg 300w, https:\/\/www.arredocasa-tende.it\/magazine\/wp-content\/uploads\/2019\/07\/open-space-ok-1-768x512.jpg 768w\" sizes=\"auto, (max-width: 1024px) 100vw, 1024px\" \/>\r\n<figcaption>Con una tenda a tutta altezza si pu\u00f2 creare una nuova stanza<\/figcaption>\r\n<\/figure>\r\n\r\n\r\n\r\n<p>Una bella tenda pesante a tutta altezza pu\u00f2 essere la soluzione perfetta per realizzare la <strong>chiusura di una grande e comoda scarpiera<\/strong>.<\/p>\r\n\r\n\r\n\r\n<p>Un tenda pu\u00f2 essere usata come <strong>elemento divisorio<\/strong> per creare una nuova stanza o un angolo pi\u00f9 riservato all\u2019interno di un piccolo appartamento. Avere una parete fissa o semplicemente dei pannelli mobili potrebbe essere pi\u00f9 un problema che una soluzione a causa dello spazio che andrebbero ad occupare mentre con una tenda tutto diventerebbe pi\u00f9 flessibile e meno impattante a livello di percezione visiva.<\/p>\r\n\r\n\r\n\r\n<p>Questa soluzione \u00e8 perfetta per residenze come un loft o un open space poich\u00e9, con un semplice gesto, permette di creare pi\u00f9 ambienti o ritagliarsi un angolo pi\u00f9 riservato.\u00a0<\/p>\r\n\r\n\r\n\r\n<figure class=\"wp-block-image\"><img loading=\"lazy\" decoding=\"async\" width=\"564\" height=\"622\" class=\"wp-image-44\" src=\"http:\/\/www.arredocasa-tende.it\/blog\/wp-content\/uploads\/2019\/07\/cucina-con-tendinaok.jpg\" alt=\"Mobile cucina con tenda in fibra naturale\" srcset=\"https:\/\/www.arredocasa-tende.it\/magazine\/wp-content\/uploads\/2019\/07\/cucina-con-tendinaok.jpg 564w, https:\/\/www.arredocasa-tende.it\/magazine\/wp-content\/uploads\/2019\/07\/cucina-con-tendinaok-272x300.jpg 272w\" sizes=\"auto, (max-width: 564px) 100vw, 564px\" \/>\r\n<figcaption>Mobile cucina con tenda in fibra naturale<\/figcaption>\r\n<\/figure>\r\n\r\n\r\n\r\n<p>Una tenda dal tessuto grezzo e dalle tonalit\u00e0 naturali abbinata ad una cucina in stile industriale o minimale pu\u00f2 essere una soluzione originale ed economica <strong>in sostituzione ai classici sportelli<\/strong> dei mobili. Soluzione che pu\u00f2 essere ripetuta anche in camera da letto per l\u2019armadio o in bagno nel mobiletto del lavandino. \u00a0<\/p>\r\n\r\n\r\n\r\n<p>In Oriente i tendaggi vendono da sempre utilizzati come<strong> elemento di chiusura dei varchi<\/strong>. Certo, un\u00a0 tessuto per quanto possa essere spesso non sar\u00e0 mai insonorizzante come potrebbe essere una porta ma pu\u00f2 essere la soluzione perfetta in ambienti di passaggio o luoghi dove \u00e8 sufficiente un filtro visivo come per esempio la hall d\u2019ingresso di un hotel o la reception di un ristorante di un certo livello.\u00a0<\/p>\r\n\r\n\r\n\r\n<p>Queste sono tutte soluzioni che permettono di attribuire ad un elemento decorativo anche una caratteristica funzionale, quindi ora non resta che sbizzarrirsi!\u00a0<\/p>\r\n","protected":false},"excerpt":{"rendered":"<p>Se usate con un pizzico di furbizia, possono essere una soluzione per arredare una stanza in modo originale!<\/p>\n","protected":false},"author":1,"featured_media":47,"comment_status":"closed","ping_status":"closed","sticky":false,"template":"","format":"standard","meta":{"footnotes":""},"categories":[1],"tags":[],"class_list":["post-37","post","type-post","status-publish","format-standard","has-post-thumbnail","hentry","category-senza-categoria"],"yoast_head":"<!-- This site is optimized with the Yoast SEO plugin v26.8 - https:\/\/yoast.com\/product\/yoast-seo-wordpress\/ -->\n<title>Un modo semplice e pi\u00f9 economico di arredare: usare le tende!<\/title>\n<meta name=\"description\" content=\"Le tende vengono spesso considerate degli elementi quasi puramente decorativi. Con qualche piccolo accorgimento in realt\u00e0 hanno un enorme potenziale.\" \/>\n<meta name=\"robots\" content=\"index, follow, max-snippet:-1, max-image-preview:large, max-video-preview:-1\" \/>\n<link rel=\"canonical\" href=\"https:\/\/www.arredocasa-tende.it\/magazine\/arredare-con-le-tende-si-puo\/\" \/>\n<meta property=\"og:locale\" content=\"it_IT\" \/>\n<meta property=\"og:type\" content=\"article\" \/>\n<meta property=\"og:title\" content=\"Un modo semplice e pi\u00f9 economico di arredare: usare le tende!\" \/>\n<meta property=\"og:description\" content=\"Le tende vengono spesso considerate degli elementi quasi puramente decorativi. Con qualche piccolo accorgimento in realt\u00e0 hanno un enorme potenziale.\" \/>\n<meta property=\"og:url\" content=\"https:\/\/www.arredocasa-tende.it\/magazine\/arredare-con-le-tende-si-puo\/\" \/>\n<meta property=\"og:site_name\" content=\"Arredocasa Tende\" \/>\n<meta property=\"article:publisher\" content=\"https:\/\/www.facebook.com\/Arredocasa-tende-e-tessuti-darredamento-1690159307887993\/?fref=ts\" \/>\n<meta property=\"article:published_time\" content=\"2019-09-30T07:20:04+00:00\" \/>\n<meta property=\"article:modified_time\" content=\"2020-03-30T10:19:06+00:00\" \/>\n<meta property=\"og:image\" content=\"https:\/\/www.arredocasa-tende.it\/magazine\/wp-content\/uploads\/2019\/07\/copertina_1200x800.jpg\" \/>\n\t<meta property=\"og:image:width\" content=\"1200\" \/>\n\t<meta property=\"og:image:height\" content=\"800\" \/>\n\t<meta property=\"og:image:type\" content=\"image\/jpeg\" \/>\n<meta name=\"author\" content=\"admin\" \/>\n<meta name=\"twitter:card\" content=\"summary_large_image\" \/>\n<meta name=\"twitter:label1\" content=\"Scritto da\" \/>\n\t<meta name=\"twitter:data1\" content=\"admin\" \/>\n\t<meta name=\"twitter:label2\" content=\"Tempo di lettura stimato\" \/>\n\t<meta name=\"twitter:data2\" content=\"2 minuti\" \/>\n<script type=\"application\/ld+json\" class=\"yoast-schema-graph\">{\"@context\":\"https:\/\/schema.org\",\"@graph\":[{\"@type\":\"Article\",\"@id\":\"https:\/\/www.arredocasa-tende.it\/magazine\/arredare-con-le-tende-si-puo\/#article\",\"isPartOf\":{\"@id\":\"https:\/\/www.arredocasa-tende.it\/magazine\/arredare-con-le-tende-si-puo\/\"},\"author\":{\"name\":\"admin\",\"@id\":\"https:\/\/www.arredocasa-tende.it\/magazine\/#\/schema\/person\/da8412504d8e0cf5f2cb1f88a8922149\"},\"headline\":\"Arredare con le tende si pu\u00f2!\",\"datePublished\":\"2019-09-30T07:20:04+00:00\",\"dateModified\":\"2020-03-30T10:19:06+00:00\",\"mainEntityOfPage\":{\"@id\":\"https:\/\/www.arredocasa-tende.it\/magazine\/arredare-con-le-tende-si-puo\/\"},\"wordCount\":342,\"image\":{\"@id\":\"https:\/\/www.arredocasa-tende.it\/magazine\/arredare-con-le-tende-si-puo\/#primaryimage\"},\"thumbnailUrl\":\"https:\/\/www.arredocasa-tende.it\/magazine\/wp-content\/uploads\/2019\/07\/copertina_1200x800.jpg\",\"inLanguage\":\"it-IT\"},{\"@type\":\"WebPage\",\"@id\":\"https:\/\/www.arredocasa-tende.it\/magazine\/arredare-con-le-tende-si-puo\/\",\"url\":\"https:\/\/www.arredocasa-tende.it\/magazine\/arredare-con-le-tende-si-puo\/\",\"name\":\"Un modo semplice e pi\u00f9 economico di arredare: usare le tende!\",\"isPartOf\":{\"@id\":\"https:\/\/www.arredocasa-tende.it\/magazine\/#website\"},\"primaryImageOfPage\":{\"@id\":\"https:\/\/www.arredocasa-tende.it\/magazine\/arredare-con-le-tende-si-puo\/#primaryimage\"},\"image\":{\"@id\":\"https:\/\/www.arredocasa-tende.it\/magazine\/arredare-con-le-tende-si-puo\/#primaryimage\"},\"thumbnailUrl\":\"https:\/\/www.arredocasa-tende.it\/magazine\/wp-content\/uploads\/2019\/07\/copertina_1200x800.jpg\",\"datePublished\":\"2019-09-30T07:20:04+00:00\",\"dateModified\":\"2020-03-30T10:19:06+00:00\",\"author\":{\"@id\":\"https:\/\/www.arredocasa-tende.it\/magazine\/#\/schema\/person\/da8412504d8e0cf5f2cb1f88a8922149\"},\"description\":\"Le tende vengono spesso considerate degli elementi quasi puramente decorativi. Con qualche piccolo accorgimento in realt\u00e0 hanno un enorme potenziale.\",\"breadcrumb\":{\"@id\":\"https:\/\/www.arredocasa-tende.it\/magazine\/arredare-con-le-tende-si-puo\/#breadcrumb\"},\"inLanguage\":\"it-IT\",\"potentialAction\":[{\"@type\":\"ReadAction\",\"target\":[\"https:\/\/www.arredocasa-tende.it\/magazine\/arredare-con-le-tende-si-puo\/\"]}]},{\"@type\":\"ImageObject\",\"inLanguage\":\"it-IT\",\"@id\":\"https:\/\/www.arredocasa-tende.it\/magazine\/arredare-con-le-tende-si-puo\/#primaryimage\",\"url\":\"https:\/\/www.arredocasa-tende.it\/magazine\/wp-content\/uploads\/2019\/07\/copertina_1200x800.jpg\",\"contentUrl\":\"https:\/\/www.arredocasa-tende.it\/magazine\/wp-content\/uploads\/2019\/07\/copertina_1200x800.jpg\",\"width\":1200,\"height\":800},{\"@type\":\"BreadcrumbList\",\"@id\":\"https:\/\/www.arredocasa-tende.it\/magazine\/arredare-con-le-tende-si-puo\/#breadcrumb\",\"itemListElement\":[{\"@type\":\"ListItem\",\"position\":1,\"name\":\"Home\",\"item\":\"https:\/\/www.arredocasa-tende.it\/magazine\/\"},{\"@type\":\"ListItem\",\"position\":2,\"name\":\"Arredare con le tende si pu\u00f2!\"}]},{\"@type\":\"WebSite\",\"@id\":\"https:\/\/www.arredocasa-tende.it\/magazine\/#website\",\"url\":\"https:\/\/www.arredocasa-tende.it\/magazine\/\",\"name\":\"Arredocasa Tende\",\"description\":\"Magazine\",\"potentialAction\":[{\"@type\":\"SearchAction\",\"target\":{\"@type\":\"EntryPoint\",\"urlTemplate\":\"https:\/\/www.arredocasa-tende.it\/magazine\/?s={search_term_string}\"},\"query-input\":{\"@type\":\"PropertyValueSpecification\",\"valueRequired\":true,\"valueName\":\"search_term_string\"}}],\"inLanguage\":\"it-IT\"},{\"@type\":\"Person\",\"@id\":\"https:\/\/www.arredocasa-tende.it\/magazine\/#\/schema\/person\/da8412504d8e0cf5f2cb1f88a8922149\",\"name\":\"admin\",\"image\":{\"@type\":\"ImageObject\",\"inLanguage\":\"it-IT\",\"@id\":\"https:\/\/www.arredocasa-tende.it\/magazine\/#\/schema\/person\/image\/\",\"url\":\"https:\/\/secure.gravatar.com\/avatar\/b179330d110d2427ac08d81a1b53fe7409b68bcd27a2c71af6c5c6c4429fe72d?s=96&d=mm&r=g\",\"contentUrl\":\"https:\/\/secure.gravatar.com\/avatar\/b179330d110d2427ac08d81a1b53fe7409b68bcd27a2c71af6c5c6c4429fe72d?s=96&d=mm&r=g\",\"caption\":\"admin\"}}]}<\/script>\n<!-- \/ Yoast SEO plugin. -->","yoast_head_json":{"title":"Un modo semplice e pi\u00f9 economico di arredare: usare le tende!","description":"Le tende vengono spesso considerate degli elementi quasi puramente decorativi. Con qualche piccolo accorgimento in realt\u00e0 hanno un enorme potenziale.","robots":{"index":"index","follow":"follow","max-snippet":"max-snippet:-1","max-image-preview":"max-image-preview:large","max-video-preview":"max-video-preview:-1"},"canonical":"https:\/\/www.arredocasa-tende.it\/magazine\/arredare-con-le-tende-si-puo\/","og_locale":"it_IT","og_type":"article","og_title":"Un modo semplice e pi\u00f9 economico di arredare: usare le tende!","og_description":"Le tende vengono spesso considerate degli elementi quasi puramente decorativi. Con qualche piccolo accorgimento in realt\u00e0 hanno un enorme potenziale.","og_url":"https:\/\/www.arredocasa-tende.it\/magazine\/arredare-con-le-tende-si-puo\/","og_site_name":"Arredocasa Tende","article_publisher":"https:\/\/www.facebook.com\/Arredocasa-tende-e-tessuti-darredamento-1690159307887993\/?fref=ts","article_published_time":"2019-09-30T07:20:04+00:00","article_modified_time":"2020-03-30T10:19:06+00:00","og_image":[{"width":1200,"height":800,"url":"https:\/\/www.arredocasa-tende.it\/magazine\/wp-content\/uploads\/2019\/07\/copertina_1200x800.jpg","type":"image\/jpeg"}],"author":"admin","twitter_card":"summary_large_image","twitter_misc":{"Scritto da":"admin","Tempo di lettura stimato":"2 minuti"},"schema":{"@context":"https:\/\/schema.org","@graph":[{"@type":"Article","@id":"https:\/\/www.arredocasa-tende.it\/magazine\/arredare-con-le-tende-si-puo\/#article","isPartOf":{"@id":"https:\/\/www.arredocasa-tende.it\/magazine\/arredare-con-le-tende-si-puo\/"},"author":{"name":"admin","@id":"https:\/\/www.arredocasa-tende.it\/magazine\/#\/schema\/person\/da8412504d8e0cf5f2cb1f88a8922149"},"headline":"Arredare con le tende si pu\u00f2!","datePublished":"2019-09-30T07:20:04+00:00","dateModified":"2020-03-30T10:19:06+00:00","mainEntityOfPage":{"@id":"https:\/\/www.arredocasa-tende.it\/magazine\/arredare-con-le-tende-si-puo\/"},"wordCount":342,"image":{"@id":"https:\/\/www.arredocasa-tende.it\/magazine\/arredare-con-le-tende-si-puo\/#primaryimage"},"thumbnailUrl":"https:\/\/www.arredocasa-tende.it\/magazine\/wp-content\/uploads\/2019\/07\/copertina_1200x800.jpg","inLanguage":"it-IT"},{"@type":"WebPage","@id":"https:\/\/www.arredocasa-tende.it\/magazine\/arredare-con-le-tende-si-puo\/","url":"https:\/\/www.arredocasa-tende.it\/magazine\/arredare-con-le-tende-si-puo\/","name":"Un modo semplice e pi\u00f9 economico di arredare: usare le tende!","isPartOf":{"@id":"https:\/\/www.arredocasa-tende.it\/magazine\/#website"},"primaryImageOfPage":{"@id":"https:\/\/www.arredocasa-tende.it\/magazine\/arredare-con-le-tende-si-puo\/#primaryimage"},"image":{"@id":"https:\/\/www.arredocasa-tende.it\/magazine\/arredare-con-le-tende-si-puo\/#primaryimage"},"thumbnailUrl":"https:\/\/www.arredocasa-tende.it\/magazine\/wp-content\/uploads\/2019\/07\/copertina_1200x800.jpg","datePublished":"2019-09-30T07:20:04+00:00","dateModified":"2020-03-30T10:19:06+00:00","author":{"@id":"https:\/\/www.arredocasa-tende.it\/magazine\/#\/schema\/person\/da8412504d8e0cf5f2cb1f88a8922149"},"description":"Le tende vengono spesso considerate degli elementi quasi puramente decorativi. Con qualche piccolo accorgimento in realt\u00e0 hanno un enorme potenziale.","breadcrumb":{"@id":"https:\/\/www.arredocasa-tende.it\/magazine\/arredare-con-le-tende-si-puo\/#breadcrumb"},"inLanguage":"it-IT","potentialAction":[{"@type":"ReadAction","target":["https:\/\/www.arredocasa-tende.it\/magazine\/arredare-con-le-tende-si-puo\/"]}]},{"@type":"ImageObject","inLanguage":"it-IT","@id":"https:\/\/www.arredocasa-tende.it\/magazine\/arredare-con-le-tende-si-puo\/#primaryimage","url":"https:\/\/www.arredocasa-tende.it\/magazine\/wp-content\/uploads\/2019\/07\/copertina_1200x800.jpg","contentUrl":"https:\/\/www.arredocasa-tende.it\/magazine\/wp-content\/uploads\/2019\/07\/copertina_1200x800.jpg","width":1200,"height":800},{"@type":"BreadcrumbList","@id":"https:\/\/www.arredocasa-tende.it\/magazine\/arredare-con-le-tende-si-puo\/#breadcrumb","itemListElement":[{"@type":"ListItem","position":1,"name":"Home","item":"https:\/\/www.arredocasa-tende.it\/magazine\/"},{"@type":"ListItem","position":2,"name":"Arredare con le tende si pu\u00f2!"}]},{"@type":"WebSite","@id":"https:\/\/www.arredocasa-tende.it\/magazine\/#website","url":"https:\/\/www.arredocasa-tende.it\/magazine\/","name":"Arredocasa Tende","description":"Magazine","potentialAction":[{"@type":"SearchAction","target":{"@type":"EntryPoint","urlTemplate":"https:\/\/www.arredocasa-tende.it\/magazine\/?s={search_term_string}"},"query-input":{"@type":"PropertyValueSpecification","valueRequired":true,"valueName":"search_term_string"}}],"inLanguage":"it-IT"},{"@type":"Person","@id":"https:\/\/www.arredocasa-tende.it\/magazine\/#\/schema\/person\/da8412504d8e0cf5f2cb1f88a8922149","name":"admin","image":{"@type":"ImageObject","inLanguage":"it-IT","@id":"https:\/\/www.arredocasa-tende.it\/magazine\/#\/schema\/person\/image\/","url":"https:\/\/secure.gravatar.com\/avatar\/b179330d110d2427ac08d81a1b53fe7409b68bcd27a2c71af6c5c6c4429fe72d?s=96&d=mm&r=g","contentUrl":"https:\/\/secure.gravatar.com\/avatar\/b179330d110d2427ac08d81a1b53fe7409b68bcd27a2c71af6c5c6c4429fe72d?s=96&d=mm&r=g","caption":"admin"}}]}},"_links":{"self":[{"href":"https:\/\/www.arredocasa-tende.it\/magazine\/wp-json\/wp\/v2\/posts\/37","targetHints":{"allow":["GET"]}}],"collection":[{"href":"https:\/\/www.arredocasa-tende.it\/magazine\/wp-json\/wp\/v2\/posts"}],"about":[{"href":"https:\/\/www.arredocasa-tende.it\/magazine\/wp-json\/wp\/v2\/types\/post"}],"author":[{"embeddable":true,"href":"https:\/\/www.arredocasa-tende.it\/magazine\/wp-json\/wp\/v2\/users\/1"}],"replies":[{"embeddable":true,"href":"https:\/\/www.arredocasa-tende.it\/magazine\/wp-json\/wp\/v2\/comments?post=37"}],"version-history":[{"count":10,"href":"https:\/\/www.arredocasa-tende.it\/magazine\/wp-json\/wp\/v2\/posts\/37\/revisions"}],"predecessor-version":[{"id":154,"href":"https:\/\/www.arredocasa-tende.it\/magazine\/wp-json\/wp\/v2\/posts\/37\/revisions\/154"}],"wp:featuredmedia":[{"embeddable":true,"href":"https:\/\/www.arredocasa-tende.it\/magazine\/wp-json\/wp\/v2\/media\/47"}],"wp:attachment":[{"href":"https:\/\/www.arredocasa-tende.it\/magazine\/wp-json\/wp\/v2\/media?parent=37"}],"wp:term":[{"taxonomy":"category","embeddable":true,"href":"https:\/\/www.arredocasa-tende.it\/magazine\/wp-json\/wp\/v2\/categories?post=37"},{"taxonomy":"post_tag","embeddable":true,"href":"https:\/\/www.arredocasa-tende.it\/magazine\/wp-json\/wp\/v2\/tags?post=37"}],"curies":[{"name":"wp","href":"https:\/\/api.w.org\/{rel}","templated":true}]}}