{"id":23,"date":"2019-08-24T14:44:05","date_gmt":"2019-08-24T12:44:05","guid":{"rendered":"http:\/\/www.arredocasa-tende.it\/blog\/?p=23"},"modified":"2020-03-30T12:13:40","modified_gmt":"2020-03-30T10:13:40","slug":"artigianalita-su-misura","status":"publish","type":"post","link":"https:\/\/www.arredocasa-tende.it\/magazine\/artigianalita-su-misura\/","title":{"rendered":"Artigianalit\u00e0 su misura"},"content":{"rendered":"\r\n<p>A chi non \u00e8 mai capitato di incontrare il tappeto esattamente come lo avevate immaginato o la stoffa con la stampa che tanto vi piace per poi scoprire che quel tappeto \u00e8 disponibile solo nella misura standard di 300x200cm e che non vengono realizzate tende con quel tessuto? Un vera delusione.\u00a0<\/p>\r\n\r\n\r\n\r\n<p>Ogni ambiente ha esigenze e dimensioni differenti<em>.<\/em> Siamo fortemente convinti che, cos\u00ec come esistono innumerevoli varianti per il mobilio, sia giusto dare al cliente la possibilit\u00e0 di scelta fra un\u2019ampia gamma anche nell\u2019ambito delle forniture tessili.\u00a0<\/p>\r\n\r\n\r\n\r\n<p>Grazie all\u2019<strong>artigianalit\u00e0<\/strong> e all\u2019<strong>alta qualit\u00e0<\/strong> che contraddistingue noi e i nostri fornitori, possiamo fornire <strong>soluzioni personalizzate<\/strong> e adeguate ad ogni esigenza del cliente che potr\u00e0 scegliere tra tantissimi materiali, finiture e dimensioni per una personalizzazione ai massimi livelli.<\/p>\r\n\r\n\r\n\r\n<p>Il risultato finale \u00e8 un vero e proprio <em>\u201cvestito di alta sartoria\u201d<\/em> realizzato su misura in ogni suo dettaglio.<\/p>\r\n","protected":false},"excerpt":{"rendered":"<p>Ogni ambiente ha esigenze e dimensioni differenti, per questo necessita di tendaggi su misura.<\/p>\n","protected":false},"author":1,"featured_media":46,"comment_status":"closed","ping_status":"closed","sticky":false,"template":"","format":"standard","meta":{"footnotes":""},"categories":[1],"tags":[],"class_list":["post-23","post","type-post","status-publish","format-standard","has-post-thumbnail","hentry","category-senza-categoria"],"yoast_head":"<!-- This site is optimized with the Yoast SEO plugin v26.8 - https:\/\/yoast.com\/product\/yoast-seo-wordpress\/ -->\n<title>Artigianalit\u00e0 e alta qualit\u00e0 nel mondo del tessile residenziale e commerciale<\/title>\n<meta name=\"description\" content=\"Scegliere tra un&#039;ampia gamma di tessuti e finiture \u00e8 abbastanza comune ma noi ti offriamo anche la possibilit\u00e0 di scegliere le dimensioni esatte.\" \/>\n<meta name=\"robots\" content=\"index, follow, max-snippet:-1, max-image-preview:large, max-video-preview:-1\" \/>\n<link rel=\"canonical\" href=\"https:\/\/www.arredocasa-tende.it\/magazine\/artigianalita-su-misura\/\" \/>\n<meta property=\"og:locale\" content=\"it_IT\" \/>\n<meta property=\"og:type\" content=\"article\" \/>\n<meta property=\"og:title\" content=\"Artigianalit\u00e0 e alta qualit\u00e0 nel mondo del tessile residenziale e commerciale\" \/>\n<meta property=\"og:description\" content=\"Scegliere tra un&#039;ampia gamma di tessuti e finiture \u00e8 abbastanza comune ma noi ti offriamo anche la possibilit\u00e0 di scegliere le dimensioni esatte.\" \/>\n<meta property=\"og:url\" content=\"https:\/\/www.arredocasa-tende.it\/magazine\/artigianalita-su-misura\/\" \/>\n<meta property=\"og:site_name\" content=\"Arredocasa Tende\" \/>\n<meta property=\"article:publisher\" content=\"https:\/\/www.facebook.com\/Arredocasa-tende-e-tessuti-darredamento-1690159307887993\/?fref=ts\" \/>\n<meta property=\"article:published_time\" content=\"2019-08-24T12:44:05+00:00\" \/>\n<meta property=\"article:modified_time\" content=\"2020-03-30T10:13:40+00:00\" \/>\n<meta property=\"og:image\" content=\"https:\/\/www.arredocasa-tende.it\/magazine\/wp-content\/uploads\/2019\/07\/Copertina-sumisura1200x800-1.jpg\" \/>\n\t<meta property=\"og:image:width\" content=\"1200\" \/>\n\t<meta property=\"og:image:height\" content=\"800\" \/>\n\t<meta property=\"og:image:type\" content=\"image\/jpeg\" \/>\n<meta name=\"author\" content=\"admin\" \/>\n<meta name=\"twitter:card\" content=\"summary_large_image\" \/>\n<meta name=\"twitter:label1\" content=\"Scritto da\" \/>\n\t<meta name=\"twitter:data1\" content=\"admin\" \/>\n\t<meta name=\"twitter:label2\" content=\"Tempo di lettura stimato\" \/>\n\t<meta name=\"twitter:data2\" content=\"1 minuto\" \/>\n<script type=\"application\/ld+json\" class=\"yoast-schema-graph\">{\"@context\":\"https:\/\/schema.org\",\"@graph\":[{\"@type\":\"Article\",\"@id\":\"https:\/\/www.arredocasa-tende.it\/magazine\/artigianalita-su-misura\/#article\",\"isPartOf\":{\"@id\":\"https:\/\/www.arredocasa-tende.it\/magazine\/artigianalita-su-misura\/\"},\"author\":{\"name\":\"admin\",\"@id\":\"https:\/\/www.arredocasa-tende.it\/magazine\/#\/schema\/person\/da8412504d8e0cf5f2cb1f88a8922149\"},\"headline\":\"Artigianalit\u00e0 su misura\",\"datePublished\":\"2019-08-24T12:44:05+00:00\",\"dateModified\":\"2020-03-30T10:13:40+00:00\",\"mainEntityOfPage\":{\"@id\":\"https:\/\/www.arredocasa-tende.it\/magazine\/artigianalita-su-misura\/\"},\"wordCount\":149,\"image\":{\"@id\":\"https:\/\/www.arredocasa-tende.it\/magazine\/artigianalita-su-misura\/#primaryimage\"},\"thumbnailUrl\":\"https:\/\/www.arredocasa-tende.it\/magazine\/wp-content\/uploads\/2019\/07\/Copertina-sumisura1200x800-1.jpg\",\"inLanguage\":\"it-IT\"},{\"@type\":\"WebPage\",\"@id\":\"https:\/\/www.arredocasa-tende.it\/magazine\/artigianalita-su-misura\/\",\"url\":\"https:\/\/www.arredocasa-tende.it\/magazine\/artigianalita-su-misura\/\",\"name\":\"Artigianalit\u00e0 e alta qualit\u00e0 nel mondo del tessile residenziale e commerciale\",\"isPartOf\":{\"@id\":\"https:\/\/www.arredocasa-tende.it\/magazine\/#website\"},\"primaryImageOfPage\":{\"@id\":\"https:\/\/www.arredocasa-tende.it\/magazine\/artigianalita-su-misura\/#primaryimage\"},\"image\":{\"@id\":\"https:\/\/www.arredocasa-tende.it\/magazine\/artigianalita-su-misura\/#primaryimage\"},\"thumbnailUrl\":\"https:\/\/www.arredocasa-tende.it\/magazine\/wp-content\/uploads\/2019\/07\/Copertina-sumisura1200x800-1.jpg\",\"datePublished\":\"2019-08-24T12:44:05+00:00\",\"dateModified\":\"2020-03-30T10:13:40+00:00\",\"author\":{\"@id\":\"https:\/\/www.arredocasa-tende.it\/magazine\/#\/schema\/person\/da8412504d8e0cf5f2cb1f88a8922149\"},\"description\":\"Scegliere tra un'ampia gamma di tessuti e finiture \u00e8 abbastanza comune ma noi ti offriamo anche la possibilit\u00e0 di scegliere le dimensioni esatte.\",\"breadcrumb\":{\"@id\":\"https:\/\/www.arredocasa-tende.it\/magazine\/artigianalita-su-misura\/#breadcrumb\"},\"inLanguage\":\"it-IT\",\"potentialAction\":[{\"@type\":\"ReadAction\",\"target\":[\"https:\/\/www.arredocasa-tende.it\/magazine\/artigianalita-su-misura\/\"]}]},{\"@type\":\"ImageObject\",\"inLanguage\":\"it-IT\",\"@id\":\"https:\/\/www.arredocasa-tende.it\/magazine\/artigianalita-su-misura\/#primaryimage\",\"url\":\"https:\/\/www.arredocasa-tende.it\/magazine\/wp-content\/uploads\/2019\/07\/Copertina-sumisura1200x800-1.jpg\",\"contentUrl\":\"https:\/\/www.arredocasa-tende.it\/magazine\/wp-content\/uploads\/2019\/07\/Copertina-sumisura1200x800-1.jpg\",\"width\":1200,\"height\":800},{\"@type\":\"BreadcrumbList\",\"@id\":\"https:\/\/www.arredocasa-tende.it\/magazine\/artigianalita-su-misura\/#breadcrumb\",\"itemListElement\":[{\"@type\":\"ListItem\",\"position\":1,\"name\":\"Home\",\"item\":\"https:\/\/www.arredocasa-tende.it\/magazine\/\"},{\"@type\":\"ListItem\",\"position\":2,\"name\":\"Artigianalit\u00e0 su misura\"}]},{\"@type\":\"WebSite\",\"@id\":\"https:\/\/www.arredocasa-tende.it\/magazine\/#website\",\"url\":\"https:\/\/www.arredocasa-tende.it\/magazine\/\",\"name\":\"Arredocasa Tende\",\"description\":\"Magazine\",\"potentialAction\":[{\"@type\":\"SearchAction\",\"target\":{\"@type\":\"EntryPoint\",\"urlTemplate\":\"https:\/\/www.arredocasa-tende.it\/magazine\/?s={search_term_string}\"},\"query-input\":{\"@type\":\"PropertyValueSpecification\",\"valueRequired\":true,\"valueName\":\"search_term_string\"}}],\"inLanguage\":\"it-IT\"},{\"@type\":\"Person\",\"@id\":\"https:\/\/www.arredocasa-tende.it\/magazine\/#\/schema\/person\/da8412504d8e0cf5f2cb1f88a8922149\",\"name\":\"admin\",\"image\":{\"@type\":\"ImageObject\",\"inLanguage\":\"it-IT\",\"@id\":\"https:\/\/www.arredocasa-tende.it\/magazine\/#\/schema\/person\/image\/\",\"url\":\"https:\/\/secure.gravatar.com\/avatar\/b179330d110d2427ac08d81a1b53fe7409b68bcd27a2c71af6c5c6c4429fe72d?s=96&d=mm&r=g\",\"contentUrl\":\"https:\/\/secure.gravatar.com\/avatar\/b179330d110d2427ac08d81a1b53fe7409b68bcd27a2c71af6c5c6c4429fe72d?s=96&d=mm&r=g\",\"caption\":\"admin\"}}]}<\/script>\n<!-- \/ Yoast SEO plugin. -->","yoast_head_json":{"title":"Artigianalit\u00e0 e alta qualit\u00e0 nel mondo del tessile residenziale e commerciale","description":"Scegliere tra un'ampia gamma di tessuti e finiture \u00e8 abbastanza comune ma noi ti offriamo anche la possibilit\u00e0 di scegliere le dimensioni esatte.","robots":{"index":"index","follow":"follow","max-snippet":"max-snippet:-1","max-image-preview":"max-image-preview:large","max-video-preview":"max-video-preview:-1"},"canonical":"https:\/\/www.arredocasa-tende.it\/magazine\/artigianalita-su-misura\/","og_locale":"it_IT","og_type":"article","og_title":"Artigianalit\u00e0 e alta qualit\u00e0 nel mondo del tessile residenziale e commerciale","og_description":"Scegliere tra un'ampia gamma di tessuti e finiture \u00e8 abbastanza comune ma noi ti offriamo anche la possibilit\u00e0 di scegliere le dimensioni esatte.","og_url":"https:\/\/www.arredocasa-tende.it\/magazine\/artigianalita-su-misura\/","og_site_name":"Arredocasa Tende","article_publisher":"https:\/\/www.facebook.com\/Arredocasa-tende-e-tessuti-darredamento-1690159307887993\/?fref=ts","article_published_time":"2019-08-24T12:44:05+00:00","article_modified_time":"2020-03-30T10:13:40+00:00","og_image":[{"width":1200,"height":800,"url":"https:\/\/www.arredocasa-tende.it\/magazine\/wp-content\/uploads\/2019\/07\/Copertina-sumisura1200x800-1.jpg","type":"image\/jpeg"}],"author":"admin","twitter_card":"summary_large_image","twitter_misc":{"Scritto da":"admin","Tempo di lettura stimato":"1 minuto"},"schema":{"@context":"https:\/\/schema.org","@graph":[{"@type":"Article","@id":"https:\/\/www.arredocasa-tende.it\/magazine\/artigianalita-su-misura\/#article","isPartOf":{"@id":"https:\/\/www.arredocasa-tende.it\/magazine\/artigianalita-su-misura\/"},"author":{"name":"admin","@id":"https:\/\/www.arredocasa-tende.it\/magazine\/#\/schema\/person\/da8412504d8e0cf5f2cb1f88a8922149"},"headline":"Artigianalit\u00e0 su misura","datePublished":"2019-08-24T12:44:05+00:00","dateModified":"2020-03-30T10:13:40+00:00","mainEntityOfPage":{"@id":"https:\/\/www.arredocasa-tende.it\/magazine\/artigianalita-su-misura\/"},"wordCount":149,"image":{"@id":"https:\/\/www.arredocasa-tende.it\/magazine\/artigianalita-su-misura\/#primaryimage"},"thumbnailUrl":"https:\/\/www.arredocasa-tende.it\/magazine\/wp-content\/uploads\/2019\/07\/Copertina-sumisura1200x800-1.jpg","inLanguage":"it-IT"},{"@type":"WebPage","@id":"https:\/\/www.arredocasa-tende.it\/magazine\/artigianalita-su-misura\/","url":"https:\/\/www.arredocasa-tende.it\/magazine\/artigianalita-su-misura\/","name":"Artigianalit\u00e0 e alta qualit\u00e0 nel mondo del tessile residenziale e commerciale","isPartOf":{"@id":"https:\/\/www.arredocasa-tende.it\/magazine\/#website"},"primaryImageOfPage":{"@id":"https:\/\/www.arredocasa-tende.it\/magazine\/artigianalita-su-misura\/#primaryimage"},"image":{"@id":"https:\/\/www.arredocasa-tende.it\/magazine\/artigianalita-su-misura\/#primaryimage"},"thumbnailUrl":"https:\/\/www.arredocasa-tende.it\/magazine\/wp-content\/uploads\/2019\/07\/Copertina-sumisura1200x800-1.jpg","datePublished":"2019-08-24T12:44:05+00:00","dateModified":"2020-03-30T10:13:40+00:00","author":{"@id":"https:\/\/www.arredocasa-tende.it\/magazine\/#\/schema\/person\/da8412504d8e0cf5f2cb1f88a8922149"},"description":"Scegliere tra un'ampia gamma di tessuti e finiture \u00e8 abbastanza comune ma noi ti offriamo anche la possibilit\u00e0 di scegliere le dimensioni esatte.","breadcrumb":{"@id":"https:\/\/www.arredocasa-tende.it\/magazine\/artigianalita-su-misura\/#breadcrumb"},"inLanguage":"it-IT","potentialAction":[{"@type":"ReadAction","target":["https:\/\/www.arredocasa-tende.it\/magazine\/artigianalita-su-misura\/"]}]},{"@type":"ImageObject","inLanguage":"it-IT","@id":"https:\/\/www.arredocasa-tende.it\/magazine\/artigianalita-su-misura\/#primaryimage","url":"https:\/\/www.arredocasa-tende.it\/magazine\/wp-content\/uploads\/2019\/07\/Copertina-sumisura1200x800-1.jpg","contentUrl":"https:\/\/www.arredocasa-tende.it\/magazine\/wp-content\/uploads\/2019\/07\/Copertina-sumisura1200x800-1.jpg","width":1200,"height":800},{"@type":"BreadcrumbList","@id":"https:\/\/www.arredocasa-tende.it\/magazine\/artigianalita-su-misura\/#breadcrumb","itemListElement":[{"@type":"ListItem","position":1,"name":"Home","item":"https:\/\/www.arredocasa-tende.it\/magazine\/"},{"@type":"ListItem","position":2,"name":"Artigianalit\u00e0 su misura"}]},{"@type":"WebSite","@id":"https:\/\/www.arredocasa-tende.it\/magazine\/#website","url":"https:\/\/www.arredocasa-tende.it\/magazine\/","name":"Arredocasa Tende","description":"Magazine","potentialAction":[{"@type":"SearchAction","target":{"@type":"EntryPoint","urlTemplate":"https:\/\/www.arredocasa-tende.it\/magazine\/?s={search_term_string}"},"query-input":{"@type":"PropertyValueSpecification","valueRequired":true,"valueName":"search_term_string"}}],"inLanguage":"it-IT"},{"@type":"Person","@id":"https:\/\/www.arredocasa-tende.it\/magazine\/#\/schema\/person\/da8412504d8e0cf5f2cb1f88a8922149","name":"admin","image":{"@type":"ImageObject","inLanguage":"it-IT","@id":"https:\/\/www.arredocasa-tende.it\/magazine\/#\/schema\/person\/image\/","url":"https:\/\/secure.gravatar.com\/avatar\/b179330d110d2427ac08d81a1b53fe7409b68bcd27a2c71af6c5c6c4429fe72d?s=96&d=mm&r=g","contentUrl":"https:\/\/secure.gravatar.com\/avatar\/b179330d110d2427ac08d81a1b53fe7409b68bcd27a2c71af6c5c6c4429fe72d?s=96&d=mm&r=g","caption":"admin"}}]}},"_links":{"self":[{"href":"https:\/\/www.arredocasa-tende.it\/magazine\/wp-json\/wp\/v2\/posts\/23","targetHints":{"allow":["GET"]}}],"collection":[{"href":"https:\/\/www.arredocasa-tende.it\/magazine\/wp-json\/wp\/v2\/posts"}],"about":[{"href":"https:\/\/www.arredocasa-tende.it\/magazine\/wp-json\/wp\/v2\/types\/post"}],"author":[{"embeddable":true,"href":"https:\/\/www.arredocasa-tende.it\/magazine\/wp-json\/wp\/v2\/users\/1"}],"replies":[{"embeddable":true,"href":"https:\/\/www.arredocasa-tende.it\/magazine\/wp-json\/wp\/v2\/comments?post=23"}],"version-history":[{"count":5,"href":"https:\/\/www.arredocasa-tende.it\/magazine\/wp-json\/wp\/v2\/posts\/23\/revisions"}],"predecessor-version":[{"id":153,"href":"https:\/\/www.arredocasa-tende.it\/magazine\/wp-json\/wp\/v2\/posts\/23\/revisions\/153"}],"wp:featuredmedia":[{"embeddable":true,"href":"https:\/\/www.arredocasa-tende.it\/magazine\/wp-json\/wp\/v2\/media\/46"}],"wp:attachment":[{"href":"https:\/\/www.arredocasa-tende.it\/magazine\/wp-json\/wp\/v2\/media?parent=23"}],"wp:term":[{"taxonomy":"category","embeddable":true,"href":"https:\/\/www.arredocasa-tende.it\/magazine\/wp-json\/wp\/v2\/categories?post=23"},{"taxonomy":"post_tag","embeddable":true,"href":"https:\/\/www.arredocasa-tende.it\/magazine\/wp-json\/wp\/v2\/tags?post=23"}],"curies":[{"name":"wp","href":"https:\/\/api.w.org\/{rel}","templated":true}]}}