{"id":15,"date":"2019-07-24T14:25:14","date_gmt":"2019-07-24T12:25:14","guid":{"rendered":"http:\/\/www.arredocasa-tende.it\/blog\/?p=15"},"modified":"2019-08-08T11:03:51","modified_gmt":"2019-08-08T09:03:51","slug":"tenda-da-esterno","status":"publish","type":"post","link":"https:\/\/www.arredocasa-tende.it\/magazine\/tenda-da-esterno\/","title":{"rendered":"Tenda da esterno: perch\u00e8 tenerla tutto l&#8217;anno"},"content":{"rendered":"\n<p>Nei giardini di alcune case o all&#8217;esterno di ristoranti di classe siamo soliti vedere la tenda da esterno esposta solo durante la stagione estiva, in realt\u00e0 ci sarebbero svariati motivi per mantenerla anche durante il periodo invernale.<\/p>\n\n\n\n<!--more-->\n\n\n\n<p>Il sole, come la pioggia e il vento, sono fenomeni che portano all&#8217;ingiallimento, all&#8217;ossidazione e al conseguente deterioramento delle pareti perimetrali degli edifici. La presenza di un <strong>elemento<\/strong> che faccia da <strong>filtro<\/strong> fungerebbe quindi da protezione delle pertinenze esterne, se non altro rallentando nel tempo l\u2019azione degli agenti atmosferici.\u00a0<\/p>\n\n\n\n<p>La tenda da esterno, cos\u00ec come ripara dai raggi UV durante il periodo estivo, pu\u00f2 essere anche nei mesi pi\u00f9 freddi perch\u00e9 si va ad inserire tra la struttura dell\u2019edificio e l\u2019esterno andando ad incidere sull\u2019isolamento termico. <\/p>\n\n\n\n<p>Va ad influire dunque sulla qualit\u00e0 del vivere domestico riducendo le perdite di calore verso l\u2019esterno in inverno e contrastando il caldo proveniente da fuori durante l\u2019estate aiutando a <strong>mantenere la temperatura<\/strong> interna della casa, o del ristorante, pi\u00f9 costante.\u00a0<\/p>\n\n\n\n<p>In ambito residenziale ma ancora di pi\u00f9 in quello commerciale, utilizzare un tendaggio esterno, durante tutto l\u2019arco dell\u2019anno, pu\u00f2 essere una soluzione intelligente per garantire la <strong>riservatezza<\/strong> al fruitore: qualit\u00e0 che sicuramente viene apprezzata dal fruitore del locale.\u00a0<\/p>\n\n\n\n<p>Non meno importante \u00e8 l\u2019<strong>aspetto estetico<\/strong> che pu\u00f2 essere un valore aggiunto anche durante il periodo invernale per coloro che non vogliono rinunciare ad un tocco di colore ed eleganza nella propria casa o nel proprio ristorante. La tenda da esterno \u00e8 una realt\u00e0 che, in base al sistema di copertura e al tipo di spazio, pu\u00f2 essere quindi un\u2019aggiunta di stile durante tutto l\u2019anno.\u00a0<\/p>\n\n\n\n<p>Per tutti questi motivi \u00e8 quindi veramente importante la scelta del modello, dei colori e delle finiture e, in tutto questo, i consigli dei <em>nostri esperti<\/em>, che da anni lavorano in questo settore, possono sicuramente essere d\u2019aiuto!<\/p>\n","protected":false},"excerpt":{"rendered":"<p>Nei giardini di alcune case o all&#8217;esterno di ristoranti di classe siamo soliti vedere la tenda da esterno esposta solo durante la stagione estiva, in realt\u00e0 ci sarebbero svariati motivi per mantenerla anche durante il periodo invernale.<\/p>\n","protected":false},"author":1,"featured_media":17,"comment_status":"closed","ping_status":"closed","sticky":false,"template":"","format":"standard","meta":{"footnotes":""},"categories":[1],"tags":[],"class_list":["post-15","post","type-post","status-publish","format-standard","has-post-thumbnail","hentry","category-senza-categoria"],"yoast_head":"<!-- This site is optimized with the Yoast SEO plugin v26.8 - https:\/\/yoast.com\/product\/yoast-seo-wordpress\/ -->\n<title>Tenda da esterno: perch\u00e8 tenerla tutto l&#039;anno, periodo invernale compreso<\/title>\n<meta name=\"description\" content=\"I motivi validi per tenere la tenda da esterno anche durante il periodo invernale sono moltissimi, leggi l&#039;articolo per scoprirli!\" \/>\n<meta name=\"robots\" content=\"index, follow, max-snippet:-1, max-image-preview:large, max-video-preview:-1\" \/>\n<link rel=\"canonical\" href=\"https:\/\/www.arredocasa-tende.it\/magazine\/tenda-da-esterno\/\" \/>\n<meta property=\"og:locale\" content=\"it_IT\" \/>\n<meta property=\"og:type\" content=\"article\" \/>\n<meta property=\"og:title\" content=\"Tenda da esterno: perch\u00e8 tenerla tutto l&#039;anno, periodo invernale compreso\" \/>\n<meta property=\"og:description\" content=\"I motivi validi per tenere la tenda da esterno anche durante il periodo invernale sono moltissimi, leggi l&#039;articolo per scoprirli!\" \/>\n<meta property=\"og:url\" content=\"https:\/\/www.arredocasa-tende.it\/magazine\/tenda-da-esterno\/\" \/>\n<meta property=\"og:site_name\" content=\"Arredocasa Tende\" \/>\n<meta property=\"article:publisher\" content=\"https:\/\/www.facebook.com\/Arredocasa-tende-e-tessuti-darredamento-1690159307887993\/?fref=ts\" \/>\n<meta property=\"article:published_time\" content=\"2019-07-24T12:25:14+00:00\" \/>\n<meta property=\"article:modified_time\" content=\"2019-08-08T09:03:51+00:00\" \/>\n<meta property=\"og:image\" content=\"https:\/\/www.arredocasa-tende.it\/magazine\/wp-content\/uploads\/2019\/07\/copertina-tende.jpg\" \/>\n\t<meta property=\"og:image:width\" content=\"1200\" \/>\n\t<meta property=\"og:image:height\" content=\"800\" \/>\n\t<meta property=\"og:image:type\" content=\"image\/jpeg\" \/>\n<meta name=\"author\" content=\"admin\" \/>\n<meta name=\"twitter:card\" content=\"summary_large_image\" \/>\n<meta name=\"twitter:label1\" content=\"Scritto da\" \/>\n\t<meta name=\"twitter:data1\" content=\"admin\" \/>\n\t<meta name=\"twitter:label2\" content=\"Tempo di lettura stimato\" \/>\n\t<meta name=\"twitter:data2\" content=\"2 minuti\" \/>\n<script type=\"application\/ld+json\" class=\"yoast-schema-graph\">{\"@context\":\"https:\/\/schema.org\",\"@graph\":[{\"@type\":\"Article\",\"@id\":\"https:\/\/www.arredocasa-tende.it\/magazine\/tenda-da-esterno\/#article\",\"isPartOf\":{\"@id\":\"https:\/\/www.arredocasa-tende.it\/magazine\/tenda-da-esterno\/\"},\"author\":{\"name\":\"admin\",\"@id\":\"https:\/\/www.arredocasa-tende.it\/magazine\/#\/schema\/person\/da8412504d8e0cf5f2cb1f88a8922149\"},\"headline\":\"Tenda da esterno: perch\u00e8 tenerla tutto l&#8217;anno\",\"datePublished\":\"2019-07-24T12:25:14+00:00\",\"dateModified\":\"2019-08-08T09:03:51+00:00\",\"mainEntityOfPage\":{\"@id\":\"https:\/\/www.arredocasa-tende.it\/magazine\/tenda-da-esterno\/\"},\"wordCount\":323,\"image\":{\"@id\":\"https:\/\/www.arredocasa-tende.it\/magazine\/tenda-da-esterno\/#primaryimage\"},\"thumbnailUrl\":\"https:\/\/www.arredocasa-tende.it\/magazine\/wp-content\/uploads\/2019\/07\/copertina-tende.jpg\",\"inLanguage\":\"it-IT\"},{\"@type\":\"WebPage\",\"@id\":\"https:\/\/www.arredocasa-tende.it\/magazine\/tenda-da-esterno\/\",\"url\":\"https:\/\/www.arredocasa-tende.it\/magazine\/tenda-da-esterno\/\",\"name\":\"Tenda da esterno: perch\u00e8 tenerla tutto l'anno, periodo invernale compreso\",\"isPartOf\":{\"@id\":\"https:\/\/www.arredocasa-tende.it\/magazine\/#website\"},\"primaryImageOfPage\":{\"@id\":\"https:\/\/www.arredocasa-tende.it\/magazine\/tenda-da-esterno\/#primaryimage\"},\"image\":{\"@id\":\"https:\/\/www.arredocasa-tende.it\/magazine\/tenda-da-esterno\/#primaryimage\"},\"thumbnailUrl\":\"https:\/\/www.arredocasa-tende.it\/magazine\/wp-content\/uploads\/2019\/07\/copertina-tende.jpg\",\"datePublished\":\"2019-07-24T12:25:14+00:00\",\"dateModified\":\"2019-08-08T09:03:51+00:00\",\"author\":{\"@id\":\"https:\/\/www.arredocasa-tende.it\/magazine\/#\/schema\/person\/da8412504d8e0cf5f2cb1f88a8922149\"},\"description\":\"I motivi validi per tenere la tenda da esterno anche durante il periodo invernale sono moltissimi, leggi l'articolo per scoprirli!\",\"breadcrumb\":{\"@id\":\"https:\/\/www.arredocasa-tende.it\/magazine\/tenda-da-esterno\/#breadcrumb\"},\"inLanguage\":\"it-IT\",\"potentialAction\":[{\"@type\":\"ReadAction\",\"target\":[\"https:\/\/www.arredocasa-tende.it\/magazine\/tenda-da-esterno\/\"]}]},{\"@type\":\"ImageObject\",\"inLanguage\":\"it-IT\",\"@id\":\"https:\/\/www.arredocasa-tende.it\/magazine\/tenda-da-esterno\/#primaryimage\",\"url\":\"https:\/\/www.arredocasa-tende.it\/magazine\/wp-content\/uploads\/2019\/07\/copertina-tende.jpg\",\"contentUrl\":\"https:\/\/www.arredocasa-tende.it\/magazine\/wp-content\/uploads\/2019\/07\/copertina-tende.jpg\",\"width\":1200,\"height\":800},{\"@type\":\"BreadcrumbList\",\"@id\":\"https:\/\/www.arredocasa-tende.it\/magazine\/tenda-da-esterno\/#breadcrumb\",\"itemListElement\":[{\"@type\":\"ListItem\",\"position\":1,\"name\":\"Home\",\"item\":\"https:\/\/www.arredocasa-tende.it\/magazine\/\"},{\"@type\":\"ListItem\",\"position\":2,\"name\":\"Tenda da esterno: perch\u00e8 tenerla tutto l&#8217;anno\"}]},{\"@type\":\"WebSite\",\"@id\":\"https:\/\/www.arredocasa-tende.it\/magazine\/#website\",\"url\":\"https:\/\/www.arredocasa-tende.it\/magazine\/\",\"name\":\"Arredocasa Tende\",\"description\":\"Magazine\",\"potentialAction\":[{\"@type\":\"SearchAction\",\"target\":{\"@type\":\"EntryPoint\",\"urlTemplate\":\"https:\/\/www.arredocasa-tende.it\/magazine\/?s={search_term_string}\"},\"query-input\":{\"@type\":\"PropertyValueSpecification\",\"valueRequired\":true,\"valueName\":\"search_term_string\"}}],\"inLanguage\":\"it-IT\"},{\"@type\":\"Person\",\"@id\":\"https:\/\/www.arredocasa-tende.it\/magazine\/#\/schema\/person\/da8412504d8e0cf5f2cb1f88a8922149\",\"name\":\"admin\",\"image\":{\"@type\":\"ImageObject\",\"inLanguage\":\"it-IT\",\"@id\":\"https:\/\/www.arredocasa-tende.it\/magazine\/#\/schema\/person\/image\/\",\"url\":\"https:\/\/secure.gravatar.com\/avatar\/b179330d110d2427ac08d81a1b53fe7409b68bcd27a2c71af6c5c6c4429fe72d?s=96&d=mm&r=g\",\"contentUrl\":\"https:\/\/secure.gravatar.com\/avatar\/b179330d110d2427ac08d81a1b53fe7409b68bcd27a2c71af6c5c6c4429fe72d?s=96&d=mm&r=g\",\"caption\":\"admin\"}}]}<\/script>\n<!-- \/ Yoast SEO plugin. -->","yoast_head_json":{"title":"Tenda da esterno: perch\u00e8 tenerla tutto l'anno, periodo invernale compreso","description":"I motivi validi per tenere la tenda da esterno anche durante il periodo invernale sono moltissimi, leggi l'articolo per scoprirli!","robots":{"index":"index","follow":"follow","max-snippet":"max-snippet:-1","max-image-preview":"max-image-preview:large","max-video-preview":"max-video-preview:-1"},"canonical":"https:\/\/www.arredocasa-tende.it\/magazine\/tenda-da-esterno\/","og_locale":"it_IT","og_type":"article","og_title":"Tenda da esterno: perch\u00e8 tenerla tutto l'anno, periodo invernale compreso","og_description":"I motivi validi per tenere la tenda da esterno anche durante il periodo invernale sono moltissimi, leggi l'articolo per scoprirli!","og_url":"https:\/\/www.arredocasa-tende.it\/magazine\/tenda-da-esterno\/","og_site_name":"Arredocasa Tende","article_publisher":"https:\/\/www.facebook.com\/Arredocasa-tende-e-tessuti-darredamento-1690159307887993\/?fref=ts","article_published_time":"2019-07-24T12:25:14+00:00","article_modified_time":"2019-08-08T09:03:51+00:00","og_image":[{"width":1200,"height":800,"url":"https:\/\/www.arredocasa-tende.it\/magazine\/wp-content\/uploads\/2019\/07\/copertina-tende.jpg","type":"image\/jpeg"}],"author":"admin","twitter_card":"summary_large_image","twitter_misc":{"Scritto da":"admin","Tempo di lettura stimato":"2 minuti"},"schema":{"@context":"https:\/\/schema.org","@graph":[{"@type":"Article","@id":"https:\/\/www.arredocasa-tende.it\/magazine\/tenda-da-esterno\/#article","isPartOf":{"@id":"https:\/\/www.arredocasa-tende.it\/magazine\/tenda-da-esterno\/"},"author":{"name":"admin","@id":"https:\/\/www.arredocasa-tende.it\/magazine\/#\/schema\/person\/da8412504d8e0cf5f2cb1f88a8922149"},"headline":"Tenda da esterno: perch\u00e8 tenerla tutto l&#8217;anno","datePublished":"2019-07-24T12:25:14+00:00","dateModified":"2019-08-08T09:03:51+00:00","mainEntityOfPage":{"@id":"https:\/\/www.arredocasa-tende.it\/magazine\/tenda-da-esterno\/"},"wordCount":323,"image":{"@id":"https:\/\/www.arredocasa-tende.it\/magazine\/tenda-da-esterno\/#primaryimage"},"thumbnailUrl":"https:\/\/www.arredocasa-tende.it\/magazine\/wp-content\/uploads\/2019\/07\/copertina-tende.jpg","inLanguage":"it-IT"},{"@type":"WebPage","@id":"https:\/\/www.arredocasa-tende.it\/magazine\/tenda-da-esterno\/","url":"https:\/\/www.arredocasa-tende.it\/magazine\/tenda-da-esterno\/","name":"Tenda da esterno: perch\u00e8 tenerla tutto l'anno, periodo invernale compreso","isPartOf":{"@id":"https:\/\/www.arredocasa-tende.it\/magazine\/#website"},"primaryImageOfPage":{"@id":"https:\/\/www.arredocasa-tende.it\/magazine\/tenda-da-esterno\/#primaryimage"},"image":{"@id":"https:\/\/www.arredocasa-tende.it\/magazine\/tenda-da-esterno\/#primaryimage"},"thumbnailUrl":"https:\/\/www.arredocasa-tende.it\/magazine\/wp-content\/uploads\/2019\/07\/copertina-tende.jpg","datePublished":"2019-07-24T12:25:14+00:00","dateModified":"2019-08-08T09:03:51+00:00","author":{"@id":"https:\/\/www.arredocasa-tende.it\/magazine\/#\/schema\/person\/da8412504d8e0cf5f2cb1f88a8922149"},"description":"I motivi validi per tenere la tenda da esterno anche durante il periodo invernale sono moltissimi, leggi l'articolo per scoprirli!","breadcrumb":{"@id":"https:\/\/www.arredocasa-tende.it\/magazine\/tenda-da-esterno\/#breadcrumb"},"inLanguage":"it-IT","potentialAction":[{"@type":"ReadAction","target":["https:\/\/www.arredocasa-tende.it\/magazine\/tenda-da-esterno\/"]}]},{"@type":"ImageObject","inLanguage":"it-IT","@id":"https:\/\/www.arredocasa-tende.it\/magazine\/tenda-da-esterno\/#primaryimage","url":"https:\/\/www.arredocasa-tende.it\/magazine\/wp-content\/uploads\/2019\/07\/copertina-tende.jpg","contentUrl":"https:\/\/www.arredocasa-tende.it\/magazine\/wp-content\/uploads\/2019\/07\/copertina-tende.jpg","width":1200,"height":800},{"@type":"BreadcrumbList","@id":"https:\/\/www.arredocasa-tende.it\/magazine\/tenda-da-esterno\/#breadcrumb","itemListElement":[{"@type":"ListItem","position":1,"name":"Home","item":"https:\/\/www.arredocasa-tende.it\/magazine\/"},{"@type":"ListItem","position":2,"name":"Tenda da esterno: perch\u00e8 tenerla tutto l&#8217;anno"}]},{"@type":"WebSite","@id":"https:\/\/www.arredocasa-tende.it\/magazine\/#website","url":"https:\/\/www.arredocasa-tende.it\/magazine\/","name":"Arredocasa Tende","description":"Magazine","potentialAction":[{"@type":"SearchAction","target":{"@type":"EntryPoint","urlTemplate":"https:\/\/www.arredocasa-tende.it\/magazine\/?s={search_term_string}"},"query-input":{"@type":"PropertyValueSpecification","valueRequired":true,"valueName":"search_term_string"}}],"inLanguage":"it-IT"},{"@type":"Person","@id":"https:\/\/www.arredocasa-tende.it\/magazine\/#\/schema\/person\/da8412504d8e0cf5f2cb1f88a8922149","name":"admin","image":{"@type":"ImageObject","inLanguage":"it-IT","@id":"https:\/\/www.arredocasa-tende.it\/magazine\/#\/schema\/person\/image\/","url":"https:\/\/secure.gravatar.com\/avatar\/b179330d110d2427ac08d81a1b53fe7409b68bcd27a2c71af6c5c6c4429fe72d?s=96&d=mm&r=g","contentUrl":"https:\/\/secure.gravatar.com\/avatar\/b179330d110d2427ac08d81a1b53fe7409b68bcd27a2c71af6c5c6c4429fe72d?s=96&d=mm&r=g","caption":"admin"}}]}},"_links":{"self":[{"href":"https:\/\/www.arredocasa-tende.it\/magazine\/wp-json\/wp\/v2\/posts\/15","targetHints":{"allow":["GET"]}}],"collection":[{"href":"https:\/\/www.arredocasa-tende.it\/magazine\/wp-json\/wp\/v2\/posts"}],"about":[{"href":"https:\/\/www.arredocasa-tende.it\/magazine\/wp-json\/wp\/v2\/types\/post"}],"author":[{"embeddable":true,"href":"https:\/\/www.arredocasa-tende.it\/magazine\/wp-json\/wp\/v2\/users\/1"}],"replies":[{"embeddable":true,"href":"https:\/\/www.arredocasa-tende.it\/magazine\/wp-json\/wp\/v2\/comments?post=15"}],"version-history":[{"count":15,"href":"https:\/\/www.arredocasa-tende.it\/magazine\/wp-json\/wp\/v2\/posts\/15\/revisions"}],"predecessor-version":[{"id":67,"href":"https:\/\/www.arredocasa-tende.it\/magazine\/wp-json\/wp\/v2\/posts\/15\/revisions\/67"}],"wp:featuredmedia":[{"embeddable":true,"href":"https:\/\/www.arredocasa-tende.it\/magazine\/wp-json\/wp\/v2\/media\/17"}],"wp:attachment":[{"href":"https:\/\/www.arredocasa-tende.it\/magazine\/wp-json\/wp\/v2\/media?parent=15"}],"wp:term":[{"taxonomy":"category","embeddable":true,"href":"https:\/\/www.arredocasa-tende.it\/magazine\/wp-json\/wp\/v2\/categories?post=15"},{"taxonomy":"post_tag","embeddable":true,"href":"https:\/\/www.arredocasa-tende.it\/magazine\/wp-json\/wp\/v2\/tags?post=15"}],"curies":[{"name":"wp","href":"https:\/\/api.w.org\/{rel}","templated":true}]}}